{"id":2698,"date":"2018-04-24T11:36:47","date_gmt":"2018-04-24T10:36:47","guid":{"rendered":"https:\/\/blog.equisense.com\/?p=2698"},"modified":"2021-07-16T16:44:25","modified_gmt":"2021-07-16T15:44:25","slug":"lungenemphysem-pferd","status":"publish","type":"post","link":"https:\/\/blog.equisense.com\/de\/lungenemphysem-pferd\/","title":{"rendered":"8 Fakten zum Lungenemphysem beim Pferd"},"content":{"rendered":"<p><i><span style=\"font-weight: 400;\">In diesem Artikel geht es das Thema Lungenemphysem. \u00dcber diese Erkrankung wird oft gesprochen und sie ist von Reitern gef\u00fcrchtet.<br \/>\nAuch bei meiner Stute, O la Belle, wurde letztes Jahr ein Lungenemphysem diagnostiziert. Das erste Symptom war ihr Husten, der jedes Jahr im Winter wiederkehrte und dann im Sommer wieder verschwand. Letzten Winter allerdings hat der Hustensirup keine Besserung mehr verschafft. Unser Tierarzt hat sich daher auf die Suche nach der Ursache ihrer Beschwerden gemacht und ist zu dem Ergebnis gekommen, dass meine unter Stute RAO leidet. Ein Lungenemphysem also. Wahrscheinlich hast du davon schonmal geh\u00f6rt. In diesem Artikel wird dir unsere Tier\u00e4rztin Marine im Detail erkl\u00e4ren, was genau es mit dieser Erkrankung \u00fcberhaupt auf sich hat.<\/span><\/i><\/p>\n<p><!--more--><\/p>\n<p><span style=\"font-weight: 400;\">Der<\/span> <span style=\"font-weight: 400;\">Sommer neigt sich dem Ende zu, es ist wieder an der Zeit, die Jacken aus dem Spind zu kramen und die Pferde werden immer weniger Zeit auf der Weide verbringen. F\u00fcr manche von ihnen ist die kalte Jahreszeit leider mit Husten verbunden. Der Grund daf\u00fcr: ein Lungenemphysem. Aber was genau ist das f\u00fcr eine Erkrankung, deren Symptome nur im Winter auftreten? Wie kann man sie mildern? Wir m\u00f6chten diese und einige weitere Fragen beantworten, damit es deinem Pferd trotz seiner Erkrankung so gut geht wie nur m\u00f6glich.<\/span><\/p>\n<div id=\"toc_container\" class=\"no_bullets\"><p class=\"toc_title\">Table des mati&egrave;res<\/p><ul class=\"toc_list\"><li><a href=\"#1-Es-handelt-sich-um-eine-komplexe-Erkrankung-1\">#1 \u2013 Es handelt sich um eine komplexe Erkrankung [1]<\/a><\/li><li><a href=\"#2-Die-Umgebung-ist-der-entscheidende-Faktor\">#2 \u2013 Die Umgebung ist der entscheidende Faktor<\/a><\/li><li><a href=\"#3-Husten-ist-das-auffaelligste-aber-nicht-das-einzige-Symptom\">#3 \u2013 Husten ist das auff\u00e4lligste, aber nicht das einzige Symptom<\/a><\/li><li><a href=\"#4-Das-Lungenemphysem-tritt-vor-allem-im-Winter-auf\">#4 \u2013 Das Lungenemphysem tritt vor allem im Winter auf<\/a><\/li><li><a href=\"#5-Lindere-die-Symptome-deines-erkrankten-Pferdes\">#5 \u2013 Lindere die Symptome deines erkrankten Pferdes<\/a><\/li><li><a href=\"#6-Das-richtige-Futter-bei-einem-Lungenemphysem\">#6 \u2013 Das richtige Futter bei einem Lungenemphysem<\/a><\/li><li><a href=\"#7-Es-besteht-eine-genetische-Veranlagung\">#7 \u2013 Es besteht eine genetische Veranlagung<\/a><\/li><li><a href=\"#8-Augen-auf-beim-Pferdekauf\">#8 \u2013 Augen auf beim Pferdekauf<\/a><\/li><\/ul><\/div>\n<h2><span id=\"1-Es-handelt-sich-um-eine-komplexe-Erkrankung-1\"><span style=\"font-weight: 400;\">#1 \u2013 Es handelt sich um eine komplexe Erkrankung [1]<\/span><\/span><\/h2>\n<p><span style=\"font-weight: 400;\">Diese Krankheit hat viele Namen, die h\u00e4ufig als Synonyme gebraucht werden, obwohl sie sich eigentlich voneinander unterscheiden: <\/span><b>Lungenemphysem <\/b><span style=\"font-weight: 400;\">ist die gel\u00e4ufigste Bezeichnung. <\/span><b>RAO <\/b><span style=\"font-weight: 400;\">(Recruitment Airway Obstruction) ist oft mit asthmatischen Anf\u00e4llen verbunden, <\/span><b>COPD <\/b><span style=\"font-weight: 400;\">(Chronic Obstructive Pulmonary Disease) eher mit Schleimbildung und unter <\/span><b>COB <\/b><span style=\"font-weight: 400;\">versteht man eine chronisch-obstruktive Bronchitis. Wird die Haltung nicht rechtzeitig angepasst verschlimmern sich die Symptome und es kommt zum Lungenemphysem bzw. <\/span><b>Dampf <\/b><span style=\"font-weight: 400;\">oder auch<\/span><b>\u00a0D\u00e4mpfigkeit<\/b><span style=\"font-weight: 400;\">. Es handelt sich dabei um eine <\/span><b>entz\u00fcndliche Atemwegserkrankung, <\/b><span style=\"font-weight: 400;\">die zu einer Obstruktion der unteren Atemwege f\u00fchrt. Zu den unteren Atemwegen geh\u00f6ren die Lunge und die Bronchien. Zu den oberen Atemwegen geh\u00f6ren die N\u00fcstern, die Nasenh\u00f6hlen, der Rachen, der Kehlkopf und die Luftr\u00f6hre. \u00a0\u00a0\u00a0\u00a0<\/span><\/p>\n<p><span style=\"font-weight: 400;\">Diese Erkrankung zeichnet sich durch eine entz\u00fcndliche Reaktion, die durch den Kontakt mit von Tieren oder Pflanzen stammendem<\/span><b> organischem Staub<\/b><span style=\"font-weight: 400;\"> verursacht wird, aus. Besonders problematisch sind dabei <\/span><b>Stroh und verschimmeltes Heu<\/b><span style=\"font-weight: 400;\">. Die Erkrankung kann zahlreiche Ursachen haben. Forscher sind sich gr\u00f6\u00dftenteils einig, dass es sich dabei um eine Allergie handelt, da die pathophysiologischen Mechanismen denen des Asthmas beim Menschen \u00e4hneln. Die <\/span><b>Umgebung des Pferdes <\/b><span style=\"font-weight: 400;\">scheint dabei eine entscheidende Rolle zu spielen, man ist sich jedoch, obwohl bereits viele Nachforschungen angestellt wurden, noch nicht einig \u00fcber die genauen Ursachen.<\/span><\/p>\n<p><img loading=\"lazy\" class=\"aligncenter size-full wp-image-4433\" src=\"https:\/\/blog.equisense.com\/wp-content\/uploads\/2018\/04\/1_Lungenemphysem_komplexe_Erkrankung.png\" alt=\"Das Lungenemphysem beim Pferd - eine komplexe Erkrankung\" width=\"1556\" height=\"551\" srcset=\"https:\/\/blog.equisense.com\/wp-content\/uploads\/2018\/04\/1_Lungenemphysem_komplexe_Erkrankung.png 1556w, https:\/\/blog.equisense.com\/wp-content\/uploads\/2018\/04\/1_Lungenemphysem_komplexe_Erkrankung-300x106.png 300w, https:\/\/blog.equisense.com\/wp-content\/uploads\/2018\/04\/1_Lungenemphysem_komplexe_Erkrankung-768x272.png 768w, https:\/\/blog.equisense.com\/wp-content\/uploads\/2018\/04\/1_Lungenemphysem_komplexe_Erkrankung-1024x363.png 1024w, https:\/\/blog.equisense.com\/wp-content\/uploads\/2018\/04\/1_Lungenemphysem_komplexe_Erkrankung-604x214.png 604w\" sizes=\"(max-width: 1556px) 100vw, 1556px\" \/><\/p>\n<p>&nbsp;<\/p>\n<h2><span id=\"2-Die-Umgebung-ist-der-entscheidende-Faktor\"><span style=\"font-weight: 400;\">#2 \u2013 Die Umgebung ist der entscheidende Faktor<\/span><\/span><\/h2>\n<p><span style=\"font-weight: 400;\">Die Symptome werden durch den <\/span><b>Staub im Stall<\/b><span style=\"font-weight: 400;\"> ausgel\u00f6st, allerdings ist noch nicht gekl\u00e4rt, welche Bestandteile des Staubs die \u00dcbelt\u00e4ter sind. Man wei\u00df jedoch, dass die Atemwege bei Pferden, die in Boxen gehalten werden, einen weniger sauren ph-Wert aufweisen als gew\u00f6hnlich. Das liegt an der Einstreu, die den im Urin enthaltenen Ammoniak aufnimmt. [3] Beim Menschen kann eine Ver\u00e4nderung des ph-Werts und der Kontakt mit Ammoniak angeblich zu Asthma f\u00fchren. Wissenschaftler gehen davon aus, dass dies beim Pferd ebenfalls der Fall ist. \u00a0\u00a0<\/span><\/p>\n<h2><span id=\"3-Husten-ist-das-auffaelligste-aber-nicht-das-einzige-Symptom\"><span style=\"font-weight: 400;\">#3 \u2013 Husten ist das auff\u00e4lligste, aber nicht das einzige Symptom<\/span><\/span><\/h2>\n<p><span style=\"font-weight: 400;\">Der Staub in Heu und Stroh enth\u00e4lt jede Menge Milben, Bakterien und Pilze (der Staub in Reitst\u00e4llen enth\u00e4lt mehr als 50 verschiedene Arten von Schimmelpilzen\u00a0\u2026 Pfui!) &#x1f922; [1].<\/span><\/p>\n<figure id=\"attachment_913\" aria-describedby=\"caption-attachment-913\" style=\"width: 290px\" class=\"wp-caption aligncenter\"><img loading=\"lazy\" class=\"wp-image-913 size-full\" src=\"https:\/\/blog.equisense.com\/wp-content\/uploads\/2017\/10\/Acarien.jpg\" alt=\"Tyrophagus putrescentiae, auch Modermilbe genannt, ist in verschimmeltem Heu anzufinden.\" width=\"290\" height=\"208\" \/><figcaption id=\"caption-attachment-913\" class=\"wp-caption-text\">Tyrophagus putrescentiae, auch Modermilbe genannt, ist in verschimmeltem Heu anzufinden.<\/figcaption><\/figure>\n<p><span style=\"font-weight: 400;\">Bei hypersensiblen, also allergischen, Pferden ist die Immunreaktion zu stark. Atmen sie den Staub ein, setzt das Immunsystem in hohem Ma\u00dfe Molek\u00fcle frei, die den vermeintlichen <\/span><span style=\"font-weight: 400;\">\u201e<\/span><span style=\"font-weight: 400;\">Krankheitserreger\u201d bek\u00e4mpfen sollen. Dies f\u00fchrt zu einer Entz\u00fcndung der Atemwege und somit zu einem<strong> Husten, das sowohl in Ruhephasen als auch bei Bewegung<\/strong> auftreten kann. Es sind allerdings noch weitere Symptome zu beobachten:<\/span><\/p>\n<ul>\n<li><b>Verengung der Bronchien <\/b><span style=\"font-weight: 400;\">(der Durchmesser dieser <\/span><span style=\"font-weight: 400;\">\u201e<\/span><span style=\"font-weight: 400;\">Rohre\u201d, die die Luft bis in die Lungen transportieren, verkleinert sich)<\/span><\/li>\n<li><b>erh\u00f6hte Schleimproduktion<\/b><span style=\"font-weight: 400;\">, die zu einer Verstopfung f\u00fchren kann <\/span><\/li>\n<li style=\"font-weight: 400;\"><b><\/b><b>Ver\u00e4nderung der Atemwege<\/b><span style=\"font-weight: 400;\">: Hypertrophie der Bronchialmuskulatur, Fibrose etc.<\/span><\/li>\n<\/ul>\n<p><span style=\"font-weight: 400;\">Die Luft ist also quasi in der Lunge eingeschlossen und das Pferd hat Probleme beim Ein- und vor allem beim Ausatmen. Man kann beobachten, dass es versucht, dem entgegenzuwirken: <\/span><b>die Bewegung der Brusth\u00f6hle wird verst\u00e4rkt und es kommt zur sog. Bauchatmung<\/b><span style=\"font-weight: 400;\">. Um die Atmung zu erleichtern, werden au\u00dferdem die N\u00fcstern gebl\u00e4ht. Wegen des Drucks auf dem Bauch k\u00f6nnen zus\u00e4tzlich Bl\u00e4hungen auftreten. Logischerweise k\u00f6nnen sich diese Atembeschwerden negativ auf die <\/span><b>k\u00f6rperliche Leistung<\/b><span style=\"font-weight: 400;\"> des Pferdes auswirken. <\/span><\/p>\n<p><span style=\"font-weight: 400;\">Je nach Auspr\u00e4gung der Erkrankung k\u00f6nnen unterschiedliche Symptome auftreten. Im fortgeschrittenen Stadium der Erkrankung sieht man oft die typische <\/span><b>Dampfrinne<\/b><span style=\"font-weight: 400;\">. Diese kommt durch die erschwerte Atmung und die damit einhergehende erh\u00f6hte Belastung der schr\u00e4gen Bauchmuskulatur zustande. Gleichzeitig magert das Pferd h\u00e4ufig ab. \u00a0<\/span><\/p>\n<figure id=\"attachment_914\" aria-describedby=\"caption-attachment-914\" style=\"width: 688px\" class=\"wp-caption aligncenter\"><img loading=\"lazy\" class=\"wp-image-914 \" src=\"https:\/\/blog.equisense.com\/wp-content\/uploads\/2017\/10\/Capture-d&rsquo;&eacute;cran-2017-09-28-&agrave;-15.53.30.png\" alt=\"Dampfrinne und aufgebl\u00e4hte N\u00fcstern bei einem Pferd mit Lungenemphysem.\" width=\"688\" height=\"214\" \/><figcaption id=\"caption-attachment-914\" class=\"wp-caption-text\">Dampfrinne und aufgebl\u00e4hte N\u00fcstern bei einem Pferd mit Lungenemphysem.<\/figcaption><\/figure>\n<h2><span id=\"4-Das-Lungenemphysem-tritt-vor-allem-im-Winter-auf\"><span style=\"font-weight: 400;\">#4 \u2013 Das Lungenemphysem tritt vor allem im Winter auf<\/span><\/span><\/h2>\n<p><span style=\"font-weight: 400;\">Diese Krankheit tritt vor allem in der n\u00f6rdlichen Hemisph\u00e4re und besonders h\u00e4ufig in<\/span><b> gem\u00e4\u00dfigten Klimazonen<\/b><span style=\"font-weight: 400;\"> auf. In der Regel halten wir unsere Pferde im Winter im <\/span><b>Stall<\/b><span style=\"font-weight: 400;\"> und geben ihnen <\/span><b>Raufutter <\/b><span style=\"font-weight: 400;\">zu fressen. Daher treten die Symptome jeden Winter von Neuem auf. In st\u00e4dtischen oder stadtnahen Gebieten sind Pferde weiteren Schadstoffen ausgesetzt, die, wie bei uns Menschen auch, ebenfalls im Verdacht stehen, zu einer Hypersensibilisierung zu f\u00fchren. \u00a0\u00a0\u00a0\u00a0\u00a0\u00a0<\/span><\/p>\n<p><span style=\"font-weight: 400;\">2007 wurde eine gro\u00dfe epidemiologische Studie [2] durchgef\u00fchrt, bei der in Gro\u00dfbritannien das Vorkommen von D\u00e4mpfigkeit untersucht wurde. Das Ergebnis lag bei 14 %. Bei der H\u00e4lfte aller Atemwegsbeschwerden handelt es sich um D\u00e4mpfigkeit [1]. Diese Erkrankung ist also alles andere als selten, sie scheint jedoch ausschlie\u00dflich bei ausgewachsenen Pferden von mindestens 7 Jahren aufzutreten. Daher ist es nicht ausgeschlossen, dass ein junges Pferd, das gesund ist, sp\u00e4ter noch erkrankt.<\/span><\/p>\n<blockquote><p>Interessant dazu: <a href=\"https:\/\/blog.equisense.com\/de\/decke-oder-nicht-was-meint-dein-pferd\/\" target=\"_blank\" rel=\"noopener\">Will dein Pferd eine Decke oder nicht?<\/a><\/p><\/blockquote>\n<h2><span id=\"5-Lindere-die-Symptome-deines-erkrankten-Pferdes\"><span style=\"font-weight: 400;\">#5 \u2013 Lindere die Symptome deines erkrankten Pferdes<\/span><\/span><\/h2>\n<p><img loading=\"lazy\" class=\"aligncenter size-full wp-image-4030\" src=\"https:\/\/blog.equisense.com\/wp-content\/uploads\/2017\/10\/pre_paddock.png\" alt=\"Weidehaltung ist bei Pferden, die an einem Lungenemphysem leiden, zu empfehlen.\" width=\"1556\" height=\"515\" srcset=\"https:\/\/blog.equisense.com\/wp-content\/uploads\/2017\/10\/pre_paddock.png 1556w, https:\/\/blog.equisense.com\/wp-content\/uploads\/2017\/10\/pre_paddock-300x99.png 300w, https:\/\/blog.equisense.com\/wp-content\/uploads\/2017\/10\/pre_paddock-768x254.png 768w, https:\/\/blog.equisense.com\/wp-content\/uploads\/2017\/10\/pre_paddock-1024x339.png 1024w, https:\/\/blog.equisense.com\/wp-content\/uploads\/2017\/10\/pre_paddock-604x200.png 604w\" sizes=\"(max-width: 1556px) 100vw, 1556px\" \/><\/p>\n<p><span style=\"font-weight: 400;\">Zwar kann das Pferd nicht vollst\u00e4ndig von dieser Erkrankung geheilt werden, aber man kann die <\/span><b>Symptome zumindest stabilisieren<\/b><span style=\"font-weight: 400;\">. Dazu sollte man es so wenig Staub wie m\u00f6glich aussetzen. Die beste L\u00f6sung ist es, das Pferd <\/span><b>das ganze Jahr \u00fcber auf der Weide zu halten<\/b><span style=\"font-weight: 400;\">, wodurch die klinischen Symptome normalerweise vollst\u00e4ndig verschwinden. Ist dies nicht m\u00f6glich, sollte man versuchen, den Kontakt zu Staub so gut es geht zu vermeiden. Das Pferd sollte in einer <\/span><b>gut bel\u00fcfteten Box<\/b><span style=\"font-weight: 400;\"> untergebracht sein, die <\/span><b>so weit wie m\u00f6glich vom Heuboden entfernt<\/b><span style=\"font-weight: 400;\"> ist. Man sollte wissen, dass Pferde, deren Box mit Stroh eingestreut ist und denen Heu gef\u00fcttert wird, 35 Mal mehr organischem Staub ausgesetzt sind als Pferde, deren Box mit Sp\u00e4nen eingestreut wird und denen Pellets gef\u00fcttert werden [4]. Man sollte also <\/span><b>Sp\u00e4ne als Einstreu<\/b><span style=\"font-weight: 400;\"> verwenden (ein Stroh von sehr guter Qualit\u00e4t enth\u00e4lt wesentlich weniger Staub und kann daher auch verwendet werden, ist aber leider schwer zu finden). Die Einstreu muss immer sauber sein, da die <\/span><b>D\u00e4mpfe des Ammoniaks<\/b><span style=\"font-weight: 400;\"> die Symptome verschlimmern.<\/span><\/p>\n<p><img loading=\"lazy\" class=\"aligncenter size-full wp-image-4031\" src=\"https:\/\/blog.equisense.com\/wp-content\/uploads\/2017\/10\/paille-copeaux.png\" alt=\"Bei Pferden, die am Lungenemphysem leiden, sind Sp\u00e4ne Heu als Einstreu vorzuziehen.\" width=\"1556\" height=\"515\" srcset=\"https:\/\/blog.equisense.com\/wp-content\/uploads\/2017\/10\/paille-copeaux.png 1556w, https:\/\/blog.equisense.com\/wp-content\/uploads\/2017\/10\/paille-copeaux-300x99.png 300w, https:\/\/blog.equisense.com\/wp-content\/uploads\/2017\/10\/paille-copeaux-768x254.png 768w, https:\/\/blog.equisense.com\/wp-content\/uploads\/2017\/10\/paille-copeaux-1024x339.png 1024w, https:\/\/blog.equisense.com\/wp-content\/uploads\/2017\/10\/paille-copeaux-604x200.png 604w\" sizes=\"(max-width: 1556px) 100vw, 1556px\" \/><\/p>\n<p><span style=\"font-weight: 400;\">Zu guter Letzt sollte man dem Pferde keinen Aktivit\u00e4ten aussetzen, bei denen viel Staub aufgewirbelt wird, z.\u00a0B. Heuf\u00fctterung oder die S\u00e4uberung des Stalls (eine Putzaktion mit dem Druckluftreiniger direkt unter der Nase des Pferdes w\u00e4re z.\u00a0B. katastrophal). In diesem Fall kann es jedoch helfen, den Boden vorher zu n\u00e4ssen.<\/span><\/p>\n<p><span style=\"font-weight: 400;\">Wie so oft ist all das leichter gesagt als getan. Der ein oder andere Stallbesitzer wird sich eventuell querstellen, da er nicht f\u00fcr ein einziges Pferd seine gesamte Logistik auf den Kopf stellen m\u00f6chte.<\/span><\/p>\n<blockquote><p>Mehr zum Thema:\u00a0<a href=\"https:\/\/blog.equisense.com\/de\/20-kriterien-richtiger-reitstall\/\" target=\"_blank\" rel=\"noopener\">Was macht einen guten Reitstall aus?<\/a><\/p><\/blockquote>\n<h2><span id=\"6-Das-richtige-Futter-bei-einem-Lungenemphysem\"><span style=\"font-weight: 400;\">#6 \u2013 Das richtige Futter bei einem Lungenemphysem<\/span><\/span><\/h2>\n<p><span style=\"font-weight: 400;\">Da der Husten durch eine allergische Reaktion ausgel\u00f6st wird, scheint es nur allzu logisch, dass das <\/span><b>Futter einen Risikofaktor <\/b><span style=\"font-weight: 400;\">darstellt. Au\u00dferdem haben viele Pferde die Angewohnheit, das Heu mit dem Maul durchzuw\u00fchlen, wodurch zus\u00e4tzlich Staub aufgewirbelt wird. In schlecht verarbeitetem oder nicht korrekt gelagertem Heu und Stroh ist die Zahl der Allergene besonders hoch. Daher sollte man seinem Pferd nur <\/span><b>hochwertige Produkte f\u00fcttern<\/b><span style=\"font-weight: 400;\">.<\/span><\/p>\n<p><img loading=\"lazy\" class=\"aligncenter wp-image-4430 size-full\" src=\"https:\/\/blog.equisense.com\/wp-content\/uploads\/2018\/04\/2_Lungenemphysem_Heu_gute_Qualitaet.png\" alt=\"Heu sollte immer von guter Qualit\u00e4t sein\" width=\"1037\" height=\"367\" srcset=\"https:\/\/blog.equisense.com\/wp-content\/uploads\/2018\/04\/2_Lungenemphysem_Heu_gute_Qualitaet.png 1037w, https:\/\/blog.equisense.com\/wp-content\/uploads\/2018\/04\/2_Lungenemphysem_Heu_gute_Qualitaet-300x106.png 300w, https:\/\/blog.equisense.com\/wp-content\/uploads\/2018\/04\/2_Lungenemphysem_Heu_gute_Qualitaet-768x272.png 768w, https:\/\/blog.equisense.com\/wp-content\/uploads\/2018\/04\/2_Lungenemphysem_Heu_gute_Qualitaet-1024x362.png 1024w, https:\/\/blog.equisense.com\/wp-content\/uploads\/2018\/04\/2_Lungenemphysem_Heu_gute_Qualitaet-604x214.png 604w\" sizes=\"(max-width: 1037px) 100vw, 1037px\" \/><\/p>\n<p><span style=\"font-weight: 400;\">Raufutter kann auch durch <\/span><b>Luzerne<\/b><span style=\"font-weight: 400;\"> (in W\u00fcrfeln), <\/span><b>granuliertes Heu<\/b><span style=\"font-weight: 400;\">, <\/span><b>Silage<\/b><span style=\"font-weight: 400;\"> oder <\/span><b>frisches Gras <\/b><span style=\"font-weight: 400;\">ersetzt werden.<\/span><\/p>\n<p><span style=\"font-weight: 400;\">Sollte Heuf\u00fctterung nicht vermeidbar sein, kann man es auch <\/span><b>in Wasser tr\u00e4nken<\/b><span style=\"font-weight: 400;\">, um den Staub zu reduzieren. Wie lange man das Heu im Wasser lassen soll, ist das Thema zahlreicher Debatten, die ideale Dauer liegt wohl irgendwo zwischen 20 Minuten und 4 Stunden. Je l\u00e4nger, desto effektiver ist diese Methode, gleichzeitig gehen aber auch wertvolle N\u00e4hrstoffe verloren und die Entstehung von Bakterien und Schimmelpilzen wird zunehmend beg\u00fcnstigt. <\/span><b>20-30 Minuten <\/b><span style=\"font-weight: 400;\">scheinen ein guter Kompromiss zu sein, letztendlich muss das aber jeder selbst abw\u00e4gen. <\/span><\/p>\n<p><span style=\"font-weight: 400;\">Es gibt auch Ger\u00e4te zur <\/span><b>Sterilisierung des Heus<\/b><span style=\"font-weight: 400;\">. Anders als beim Tr\u00e4nken in Wasser wird die Vermehrung von Bakterien dabei nicht beg\u00fcnstigt und gleichzeitig bleiben die N\u00e4hrstoffe erhalten. Diese Ger\u00e4te sind sehr effektiv, aber leider auch ziemlich kostspielig. <\/span><\/p>\n<p><img loading=\"lazy\" class=\"aligncenter wp-image-4432 size-full\" src=\"https:\/\/blog.equisense.com\/wp-content\/uploads\/2018\/04\/3_Lungenemphysem_Alternativen.png\" alt=\"Alternativen zu Heuf\u00fctterung \" width=\"1037\" height=\"367\" srcset=\"https:\/\/blog.equisense.com\/wp-content\/uploads\/2018\/04\/3_Lungenemphysem_Alternativen.png 1037w, https:\/\/blog.equisense.com\/wp-content\/uploads\/2018\/04\/3_Lungenemphysem_Alternativen-300x106.png 300w, https:\/\/blog.equisense.com\/wp-content\/uploads\/2018\/04\/3_Lungenemphysem_Alternativen-768x272.png 768w, https:\/\/blog.equisense.com\/wp-content\/uploads\/2018\/04\/3_Lungenemphysem_Alternativen-1024x362.png 1024w, https:\/\/blog.equisense.com\/wp-content\/uploads\/2018\/04\/3_Lungenemphysem_Alternativen-604x214.png 604w\" sizes=\"(max-width: 1037px) 100vw, 1037px\" \/><\/p>\n<p><span style=\"font-weight: 400;\">Auch<\/span><b> die Bereitstellung des Heus <\/b><span style=\"font-weight: 400;\">ist entscheidend. Wird es auf den Boden gelegt, gelangt weniger Staub in die Atemwege, da das Pferdes den Kopf beim Fressen unten h\u00e4lt. Wird es jedoch in ein Heunetz gef\u00fcllt oder in ein Gitter, atmet das Pferd wesentlich mehr Staub ein, da das Pferd seinen Kopf beim Fressen h\u00f6her h\u00e4lt.<\/span><\/p>\n<blockquote><p>Weiterlesen:\u00a0<a href=\"https:\/\/blog.equisense.com\/de\/fuetterung-pferd-fehler\/\" target=\"_blank\" rel=\"noopener\">Die 3 h\u00e4ufigsten Fehler bei der F\u00fctterung<\/a><\/p><\/blockquote>\n<h2><span id=\"7-Es-besteht-eine-genetische-Veranlagung\"><span style=\"font-weight: 400;\">#7 \u2013 Es besteht eine genetische Veranlagung<\/span><\/span><\/h2>\n<p><span style=\"font-weight: 400;\">Die meisten Pferde sind im Stall t\u00e4glich einer Menge Staub ausgesetzt, aber nur wenige unter ihnen entwickeln Anzeichen eines Lungenemphysems. Dabei handelt es sich wahrscheinlich nicht um die Ver\u00e4nderung eines einzigen Gens, sondern mehrerer. Es handelt sich um eine komplexe Interaktion zwischen dem Genom des Individuums und seiner Umgebung. Bei einem Pferd mit Lungenemphysem besteht daher die M\u00f6glichkeit, dass seine Symptome je nach Umgebung zur\u00fcckgehen, aber das Ganze ist ziemlich kompliziert.<\/span><\/p>\n<h2><span id=\"8-Augen-auf-beim-Pferdekauf\"><span style=\"font-weight: 400;\">#8 \u2013 Augen auf beim Pferdekauf<\/span><\/span><\/h2>\n<p><span style=\"font-weight: 400;\">Beim Pferdekauf ist Vorsicht geboten, da Symptome eines Lungenemphysems, wenn das Pferd im Sommer oder drau\u00dfen begutachtet wird, nicht sichtbar sind. Ist das Pferd j\u00fcnger als 7 Jahre, kann sich die Erkrankung auch erst noch entwickeln. Wie immer beim Pferdekauf sollte man also vorsichtig sein und einen Kaufvertrag abschlie\u00dfen und das Pferd vom Tierarzt des Vertrauens begutachten lassen, um sich so gut wie m\u00f6glich abzusichern. <\/span><\/p>\n<h3>Fazit<\/h3>\n<p><span style=\"font-weight: 400;\">Das Fazit lautet also, dass man die Haltung eines erkrankten Pferdes so gut wie m\u00f6glich anpassen sollte, um das Ausma\u00df der Symptome so gering wie m\u00f6glich zu halten. Falls erste Anzeichen von D\u00e4mpfigkeit auftreten, sollte man nicht z\u00f6gern, einen Tierarzt zu rufen. Er wird Tipps geben und eine auf das Pferd abgestimmte Behandlung vorschlagen.<\/span><\/p>\n<p>&nbsp;<\/p>\n<p><span style=\"font-weight: 400;\">Bis zum n\u00e4chsten Artikel<\/span><br \/>\n<b>Marine Slove, Tier\u00e4rztin und Produktmanagerin<\/b><\/p>\n<p style=\"padding-left: 60px;\"><em><span style=\"font-weight: 400;\">Ich habe Marines Ratschl\u00e4ge und die meines Tierarztes befolgt und mit der Behandlung meiner Stute begonnen. Au\u00dferdem ist sie umgezogen: Ihr alter Stall befand sich in der Vorstadt und sie stand in einer geschlossenen Box mit Heueinstreu und 3 Stunden Paddock pro Tag. Ihr neues zu Hause ist ein Offenstall mitten auf dem Land, eingestreut wird mit Sp\u00e4nen, sie verbringt den ganzen Tag drau\u00dfen und geht nur nachts in den Stall. Meine Stute ist wie ausgewechselt! O la Belle ist topfit und das obwohl ich schon bef\u00fcrchtet hatte, ich m\u00fcsste sie in den Ruhestand entlassen!<br \/>\nSollte bei deinem Pferd also ein Lungenemphysem diagnostiziert werden, besteht kein Grund zur Panik. H\u00f6re auf deinen Tierarzt und passe die Umgebung deines Pferdes an seine Bed\u00fcrfnisse an. Dein Pferd wird es dir danken.<br \/>\n<\/span><\/em><\/p>\n<p style=\"padding-left: 60px;\">Camille, <span style=\"font-weight: 400;\">R&amp;D Managerin bei Equisense<\/span><\/p>\n<hr \/>\n<h6>Quellen<\/h6>\n<h6><span style=\"font-weight: 400;\">[1] M. Denys, &#8222;Physiopathologie de l\u2019obstruction r\u00e9currente des voies respiratoires chez le cheval : \u00e9tude bibliographique et actualit\u00e9s&#8220;, Th\u00e8se pour le doctorat v\u00e9t\u00e9rinaire, ENVT, 2011.<\/span><\/h6>\n<h6><span style=\"font-weight: 400;\">[2] HOTCHKISS et al., (2007) A survey of horse owners in Great Britain regarding horses in their care. Part 1 : Horse demographic characteristics and management, Equine Vet J 39 (4) : 294-300.<\/span><\/h6>\n<h6><span style=\"font-weight: 400;\">[3] WHITTAKER AG, LOVE S, PARKIN TDH et al, (2009) Stabling causes a significant increase in the pH of equine airway. Equine Vet J 41 (9) : 940-943.<\/span><\/h6>\n<h6><span style=\"font-weight: 400;\">[4] WOODS PS, ROBINSON NE, SWANSON MC et al, (1993) Airborne dust and aeroallergen concentration in a horse stable under two different management systems. Equine Vet J, 25 : 208-213.<\/span><\/h6>\n<h6><span style=\"font-weight: 400;\">[5] F. Grosbois, \u201cLa vente &#8211; Vices r\u00e9dhibitoires\u201d, Equipaedia 2014. [En ligne] Disponible sur : <\/span><a href=\"http:\/\/www.haras-nationaux.fr\/information\/accueil-equipaedia\/reglementation\/vente\/vices-redhibitoires.html\"><span style=\"font-weight: 400;\">http:\/\/www.haras-nationaux.fr\/information\/accueil-equipaedia\/reglementation\/vente\/vices-redhibitoires.html<\/span><\/a><span style=\"font-weight: 400;\"> [Letzter Zugriff am: 27. September 2017].<\/span><\/h6>\n<h6>[6] \u201cCOPD, RAO, COB \u2013 Wenn Pferde chronisch husten.\u201d [Online]. Verf\u00fcgbar: http:\/\/www.pferde-daempfigkeit.de\/thema\/copd-rao-beim-pferd.html. [Letzter Zugriff: 24. April 2018].<\/h6>\n","protected":false},"excerpt":{"rendered":"<p>In diesem Artikel geht es das Thema Lungenemphysem. \u00dcber diese Erkrankung wird oft gesprochen und&#8230;<\/p>\n<p class=\"read-more\"><a class=\"btn btn-default\" href=\"https:\/\/blog.equisense.com\/de\/lungenemphysem-pferd\/\">Weiterlesen<span class=\"screen-reader-text\"> Weiterlesen<\/span><\/a><\/p>\n","protected":false},"author":4,"featured_media":4435,"comment_status":"open","ping_status":"closed","sticky":false,"template":"","format":"standard","meta":{"_monsterinsights_skip_tracking":false,"_monsterinsights_sitenote_active":false,"_monsterinsights_sitenote_note":"","_monsterinsights_sitenote_category":0},"categories":[10378],"tags":[1735,3122,3121,3123],"yst_prominent_words":[579,580,614,3110,3115,3114,805,725,2289,587,1186,3103,3116,3119,2295,627,2220,768,3120,595],"_links":{"self":[{"href":"https:\/\/blog.equisense.com\/de\/wp-json\/wp\/v2\/posts\/2698"}],"collection":[{"href":"https:\/\/blog.equisense.com\/de\/wp-json\/wp\/v2\/posts"}],"about":[{"href":"https:\/\/blog.equisense.com\/de\/wp-json\/wp\/v2\/types\/post"}],"author":[{"embeddable":true,"href":"https:\/\/blog.equisense.com\/de\/wp-json\/wp\/v2\/users\/4"}],"replies":[{"embeddable":true,"href":"https:\/\/blog.equisense.com\/de\/wp-json\/wp\/v2\/comments?post=2698"}],"version-history":[{"count":22,"href":"https:\/\/blog.equisense.com\/de\/wp-json\/wp\/v2\/posts\/2698\/revisions"}],"predecessor-version":[{"id":30323,"href":"https:\/\/blog.equisense.com\/de\/wp-json\/wp\/v2\/posts\/2698\/revisions\/30323"}],"wp:featuredmedia":[{"embeddable":true,"href":"https:\/\/blog.equisense.com\/de\/wp-json\/wp\/v2\/media\/4435"}],"wp:attachment":[{"href":"https:\/\/blog.equisense.com\/de\/wp-json\/wp\/v2\/media?parent=2698"}],"wp:term":[{"taxonomy":"category","embeddable":true,"href":"https:\/\/blog.equisense.com\/de\/wp-json\/wp\/v2\/categories?post=2698"},{"taxonomy":"post_tag","embeddable":true,"href":"https:\/\/blog.equisense.com\/de\/wp-json\/wp\/v2\/tags?post=2698"},{"taxonomy":"yst_prominent_words","embeddable":true,"href":"https:\/\/blog.equisense.com\/de\/wp-json\/wp\/v2\/yst_prominent_words?post=2698"}],"curies":[{"name":"wp","href":"https:\/\/api.w.org\/{rel}","templated":true}]}}